{"id":5643,"date":"2022-01-21T12:00:54","date_gmt":"2022-01-21T11:00:54","guid":{"rendered":"https:\/\/sgsolutionsrl.it\/focus-next-30-il-futuro-formato-focus\/"},"modified":"2022-01-21T12:00:54","modified_gmt":"2022-01-21T11:00:54","slug":"focus-next-30-il-futuro-formato-focus","status":"publish","type":"post","link":"https:\/\/falatech.it\/en\/focus-next-30-il-futuro-formato-focus\/","title":{"rendered":"Focus Next 30, il futuro formato Focus"},"content":{"rendered":"<div>Correva l&#8217;anno 1992: l&#8217;anno di Basic Instinct e dell&#8217;Ultimo dei Moicani, ma anche delle stragi di Capaci e di via D&#8217;Amelio. Veniva firmato il Trattato di Maastricht, si svolgeva il Summit della Terra a Rio de Janeiro e Bill Clinton diventava presidente. Per viaggiare in Europa si cambiava moneta e si usavano ancora gettoni e schede usa e getta per telefonare. Intanto nasceva Focus, e sono passati trent&#8217;anni.<br \/>\nPer segnare questo anniversario guardiamo al futuro con Focus Next 30: un progetto speciale che accompagner\u00e0 lettori e utenti per tutto il 2022 alla scoperta dei grandi temi della scienza, della tecnologia e dell&#8217;ambiente e indagher\u00e0 le innovazioni che saranno al centro dello sviluppo di queste tematiche nei prossimi 30 anni. Lo spiega cos\u00ec il direttore nell&#8217;editoriale del primo numero del 2022:<br \/>\nNel 2022 Focus compie trent&#8217;anni. Ci sentiamo come un fratellino molto minore del brigantino di Charles Darwin che ha solcato i mari del mondo e del sapere, aspirando a solcarli ancora. Se il Beagle del grande scienziato inglese aveva 68 persone a bordo, noi \u2013 da 30 anni il pi\u00f9 grande vascello giornalistico italiano della divulgazione \u2013 abbiamo un equipaggio sterminato: voi. Voi che in milioni viaggiate con noi su Focus e Focus Storia, sul Web, sui social, sui podcast, voi con cui ci si vede al Focus Live (\u00e8 stato bello ritrovarsi), voi con cui dividiamo la passione per la conoscenza, voi viandanti curiosi in cui ci riconosciamo. [&#8230;]\u00a0. Vorremmo che questo trentennale fosse il momento di esaltazione della nostra metamorfosi identitaria, vorremmo dare al compleanno quel senso che possono avere i compleanni: cambiare, crescere, diventare molto di pi\u00f9, rimanendo quel che siamo.. Per curiosit\u00e0 sono andato a sfogliare i numeri del primo anno di Focus, il 1992. Due cose mi sono saltate subito all&#8217;occhio: la stessa curiosit\u00e0 appassionata che ancora ci accompagna e gli incredibili passi avanti fatti dalla scienza, dalla tecnologia, dalla medicina in appena trent&#8217;anni.\u00a0. Perci\u00f2 su ogni numero del nuovo anno troverete un format che mi \u00e8 venuto in mente: pubblicare un nostro articolo di allora e vedere su quell&#8217;argomento quante cose sono cambiate e quante potranno cambiare.\u00a0. Sar\u00e0 un viaggio interessante nel tempo passato, in quello presente e in quello futuro, che render\u00e0 evidenti le straordinarie capacit\u00e0 della ricerca scientifica, la velocit\u00e0 di migliorare le cose, l&#8217;attitudine che con l&#8217;intelligenza e con l&#8217;animo umano abbiamo di progredire.. Energie rinnovabili, sostenibilit\u00e0, medicina del futuro, domotica, mobilit\u00e0, food, cybersecurity e molto altro: per ogni argomento, Focus dar\u00e0 voce ogni mese a un personaggio di fama internazionale, giovani talenti del mondo della scienza e della divulgazione, offrendo un nuovo sguardo verso il futuro.<br \/>\nSu Focus.it gli utenti potranno approfondire i temi del Focus Next 30 in una sezione dedicata che ospiter\u00e0 articoli, approfondimenti e videointerviste esclusive.<br \/>\nFocus Next 30 vivr\u00e0 sui social con un palinsesto di contenuti ideati per coinvolgere i nostri follower.<br \/>\nIl palinsesto di iniziative di Focus Next 30 culminer\u00e0 con la nuova edizione del grande evento Focus Live, il festival del sapere che vede protagonisti ricercatori, scienziati, esploratori, artisti e divulgatori, con un ricco calendario di incontri e attivit\u00e0. All&#8217;edizione che si terr\u00e0 nel mese di novembre quest&#8217;anno si affiancher\u00e0 dalla primavera anche un percorso di eventi live e digitali con talk, incontri e tavole rotonde dedicati alle tematiche del Focus Next 30.\u00a0\u00a0.<\/div>","protected":false},"excerpt":{"rendered":"<p>Correva l&#8217;anno 1992: l&#8217;anno di Basic Instinct e dell&#8217;Ultimo dei Moicani, ma anche delle stragi di Capaci e di via D&#8217;Amelio. Veniva firmato il Trattato di Maastricht, si svolgeva il Summit della Terra a Rio de Janeiro e Bill Clinton diventava presidente. Per viaggiare in Europa si cambiava moneta e [&hellip;]<\/p>","protected":false},"author":1,"featured_media":0,"comment_status":"open","ping_status":"closed","sticky":false,"template":"","format":"standard","meta":{"footnotes":""},"categories":[51],"tags":[59,58,60],"yst_prominent_words":[],"class_list":["post-5643","post","type-post","status-publish","format-standard","hentry","category-tecnologia","tag-sg-solution","tag-tecnologia","tag-web"],"jetpack_featured_media_url":"","_links":{"self":[{"href":"https:\/\/falatech.it\/en\/wp-json\/wp\/v2\/posts\/5643","targetHints":{"allow":["GET"]}}],"collection":[{"href":"https:\/\/falatech.it\/en\/wp-json\/wp\/v2\/posts"}],"about":[{"href":"https:\/\/falatech.it\/en\/wp-json\/wp\/v2\/types\/post"}],"author":[{"embeddable":true,"href":"https:\/\/falatech.it\/en\/wp-json\/wp\/v2\/users\/1"}],"replies":[{"embeddable":true,"href":"https:\/\/falatech.it\/en\/wp-json\/wp\/v2\/comments?post=5643"}],"version-history":[{"count":0,"href":"https:\/\/falatech.it\/en\/wp-json\/wp\/v2\/posts\/5643\/revisions"}],"wp:attachment":[{"href":"https:\/\/falatech.it\/en\/wp-json\/wp\/v2\/media?parent=5643"}],"wp:term":[{"taxonomy":"category","embeddable":true,"href":"https:\/\/falatech.it\/en\/wp-json\/wp\/v2\/categories?post=5643"},{"taxonomy":"post_tag","embeddable":true,"href":"https:\/\/falatech.it\/en\/wp-json\/wp\/v2\/tags?post=5643"},{"taxonomy":"yst_prominent_words","embeddable":true,"href":"https:\/\/falatech.it\/en\/wp-json\/wp\/v2\/yst_prominent_words?post=5643"}],"curies":[{"name":"wp","href":"https:\/\/api.w.org\/{rel}","templated":true}]}}